{"id":449,"date":"2019-10-18T16:11:03","date_gmt":"2019-10-18T15:11:03","guid":{"rendered":"https:\/\/www.4zeroplast.eu\/?p=449"},"modified":"2019-10-18T16:27:33","modified_gmt":"2019-10-18T15:27:33","slug":"the-4zeroplast-erasmus-project-in-the-portuguese-moulds-magazine","status":"publish","type":"post","link":"https:\/\/www.4zeroplast.eu\/pt\/the-4zeroplast-erasmus-project-in-the-portuguese-moulds-magazine\/","title":{"rendered":"O projeto 4zeroplast na Revista Portuguesa \u201cO MOLDE\u201d"},"content":{"rendered":"\n<p>O projeto Erasmus+ <strong>4zeroplast<\/strong> foi apresentado na revista de refer\u00eancia para a ind\u00fastria de Moldes Portuguesa, \u201cO Molde\u201d, na edi\u00e7\u00e3o especial sobre \u201cGest\u00e3o de Pessoas\u201d, publicada em julho de 2019.<\/p>\n\n\n\n<p>Pretendeu-se divulgar o projeto junto de um setor industrial que atua a montante da ind\u00fastria de pl\u00e1sticos, e com o qual existe uma rela\u00e7\u00e3o indissoci\u00e1vel. Nesta edi\u00e7\u00e3o especial da revista O MOLDE, aborda-se um tema central na ind\u00fastria, que s\u00e3o as PESSOAS, entendido como um ativo fundamental e distintivo nas organiza\u00e7\u00f5es. O refor\u00e7o de compet\u00eancias e saberes, a gest\u00e3o de equipas multidisciplinares no contexto de transforma\u00e7\u00e3o digital s\u00e3o temas em destaque nesta publica\u00e7\u00e3o, o que est\u00e1 alinhado com alguns dos objetivos do projeto 4zeroplast.<\/p>\n\n\n\n<div class=\"wp-block-button is-style-squared\"><a class=\"wp-block-button__link\" href=\"https:\/\/www.cefamol.pt\/index.php?id=46&#038;idn=208\">Leia a revista <\/a><\/div>\n","protected":false},"excerpt":{"rendered":"<p>O projeto Erasmus+ 4zeroplast foi apresentado na revista de refer\u00eancia para a ind\u00fastria de Moldes Portuguesa, \u201cO Molde\u201d, na edi\u00e7\u00e3o especial sobre \u201cGest\u00e3o de Pessoas\u201d, publicada em julho de 2019. Pretendeu-se divulgar o projeto junto [&hellip;]<\/p>\n","protected":false},"author":3,"featured_media":459,"comment_status":"closed","ping_status":"closed","sticky":false,"template":"","format":"standard","meta":{"_uag_custom_page_level_css":"","advgb_blocks_editor_width":"","advgb_blocks_columns_visual_guide":"","footnotes":""},"categories":[6],"tags":[],"class_list":["post-449","post","type-post","status-publish","format-standard","has-post-thumbnail","hentry","category-publications"],"translation":{"provider":"WPGlobus","version":"3.0.2","language":"pt","enabled_languages":["en","es","it","pt"],"languages":{"en":{"title":true,"content":true,"excerpt":false},"es":{"title":false,"content":false,"excerpt":false},"it":{"title":true,"content":true,"excerpt":false},"pt":{"title":true,"content":true,"excerpt":false}}},"author_meta":{"display_name":"Chiara","author_link":"https:\/\/www.4zeroplast.eu\/pt\/author\/chiara\/"},"featured_img":"https:\/\/www.4zeroplast.eu\/wp-content\/uploads\/news3-300x200.jpg","uagb_featured_image_src":{"full":["https:\/\/www.4zeroplast.eu\/wp-content\/uploads\/news3.jpg",720,480,false],"thumbnail":["https:\/\/www.4zeroplast.eu\/wp-content\/uploads\/news3-150x150.jpg",150,150,true],"medium":["https:\/\/www.4zeroplast.eu\/wp-content\/uploads\/news3-300x200.jpg",300,200,true],"medium_large":["https:\/\/www.4zeroplast.eu\/wp-content\/uploads\/news3.jpg",720,480,false],"large":["https:\/\/www.4zeroplast.eu\/wp-content\/uploads\/news3.jpg",720,480,false],"1536x1536":["https:\/\/www.4zeroplast.eu\/wp-content\/uploads\/news3.jpg",720,480,false],"2048x2048":["https:\/\/www.4zeroplast.eu\/wp-content\/uploads\/news3.jpg",720,480,false]},"uagb_author_info":{"display_name":"Chiara","author_link":"https:\/\/www.4zeroplast.eu\/pt\/author\/chiara\/"},"uagb_comment_info":0,"uagb_excerpt":"O projeto Erasmus+ 4zeroplast foi apresentado na revista de refer\u00eancia para a ind\u00fastria de Moldes Portuguesa, \u201cO Molde\u201d, na edi\u00e7\u00e3o especial sobre \u201cGest\u00e3o de Pessoas\u201d, publicada em julho de 2019. Pretendeu-se divulgar o projeto junto [&hellip;]","coauthors":[],"tax_additional":{"categories":{"linked":["<a href=\"https:\/\/www.4zeroplast.eu\/pt\/category\/publications\/\" class=\"advgb-post-tax-term\">Publica\u00e7\u00f5es<\/a>"],"unlinked":["<span class=\"advgb-post-tax-term\">Publica\u00e7\u00f5es<\/span>"]}},"comment_count":"0","relative_dates":{"created":"Posted 7 years ago","modified":"Updated 7 years ago"},"absolute_dates":{"created":"Posted on 18 October 2019","modified":"Updated on 18 October 2019"},"absolute_dates_time":{"created":"Posted on 18 October 2019 4:11 pm","modified":"Updated on 18 October 2019 4:27 pm"},"featured_img_caption":"","series_order":"","_links":{"self":[{"href":"https:\/\/www.4zeroplast.eu\/pt\/wp-json\/wp\/v2\/posts\/449","targetHints":{"allow":["GET"]}}],"collection":[{"href":"https:\/\/www.4zeroplast.eu\/pt\/wp-json\/wp\/v2\/posts"}],"about":[{"href":"https:\/\/www.4zeroplast.eu\/pt\/wp-json\/wp\/v2\/types\/post"}],"author":[{"embeddable":true,"href":"https:\/\/www.4zeroplast.eu\/pt\/wp-json\/wp\/v2\/users\/3"}],"replies":[{"embeddable":true,"href":"https:\/\/www.4zeroplast.eu\/pt\/wp-json\/wp\/v2\/comments?post=449"}],"version-history":[{"count":7,"href":"https:\/\/www.4zeroplast.eu\/pt\/wp-json\/wp\/v2\/posts\/449\/revisions"}],"predecessor-version":[{"id":460,"href":"https:\/\/www.4zeroplast.eu\/pt\/wp-json\/wp\/v2\/posts\/449\/revisions\/460"}],"wp:featuredmedia":[{"embeddable":true,"href":"https:\/\/www.4zeroplast.eu\/pt\/wp-json\/wp\/v2\/media\/459"}],"wp:attachment":[{"href":"https:\/\/www.4zeroplast.eu\/pt\/wp-json\/wp\/v2\/media?parent=449"}],"wp:term":[{"taxonomy":"category","embeddable":true,"href":"https:\/\/www.4zeroplast.eu\/pt\/wp-json\/wp\/v2\/categories?post=449"},{"taxonomy":"post_tag","embeddable":true,"href":"https:\/\/www.4zeroplast.eu\/pt\/wp-json\/wp\/v2\/tags?post=449"}],"curies":[{"name":"wp","href":"https:\/\/api.w.org\/{rel}","templated":true}]}}