{"id":426,"date":"2019-09-23T10:59:52","date_gmt":"2019-09-23T09:59:52","guid":{"rendered":"https:\/\/www.4zeroplast.eu\/?p=426"},"modified":"2019-10-15T16:25:08","modified_gmt":"2019-10-15T15:25:08","slug":"4zeroplast-project-is-on-line-on-eccp-european-cluster-collaboration-platform","status":"publish","type":"post","link":"https:\/\/www.4zeroplast.eu\/pt\/4zeroplast-project-is-on-line-on-eccp-european-cluster-collaboration-platform\/","title":{"rendered":"O projeto 4zeroplast est\u00e1 alinhado com a Plataforma Europeia de Colabora\u00e7\u00e3o em Clusters"},"content":{"rendered":"\n<p>A Plataforma Europeia de Colabora\u00e7\u00e3o em Clusters (ECCP) \u00e9 uma a\u00e7\u00e3o do Programa de Internacionaliza\u00e7\u00e3o do Clusters para PMEs financiado no \u00e2mbito do Programa COSME da DG GROW lan\u00e7ado pela Comiss\u00e3o europeia em 2016. A ECCP fornece servi\u00e7os de networking e informa\u00e7\u00e3o de apoio ao aos clusters e aos seus membros para melhoria da sua performance e e aumento de competitividade atrav\u00e9s de coopera\u00e7\u00e3o transnacional e internacional.<\/p>\n\n\n\n<p>Tr\u00eas dos parceiros do projeto 4zeroPlast integram a ECCP: AVEP, Poolnet e Proplast. Estes participaram em v\u00e1rios projetos europeus, como: Materialix, ICTPlast e S3-4AlpClusters, cujas atividades de projeto s\u00e3o promovidas pela ECCP.<\/p>\n\n\n\n<p>Adicionalmente, os tr\u00eas parceiros obtiveram a certifica\u00e7\u00e3o da ESCA &#8211; Secretariado Europeu de An\u00e1lise de Clusters, atribu\u00edda pela European Cluster Excellence Initiative (ECEI), que demonstra a sua excel\u00eancia em gest\u00e3o de clusters: AVEP \u2013 Selo de Bronze, Poolnet: Selo de ouro e Proplast: Selo de prata<\/p>\n\n\n\n<div class=\"wp-block-button is-style-squared\"><a class=\"wp-block-button__link\" href=\"https:\/\/www.clustercollaboration.eu\/eu-project-profile\/4zeroplast-project\">P\u00e1gina do projeto<\/a><\/div>\n","protected":false},"excerpt":{"rendered":"<p>A Plataforma Europeia de Colabora\u00e7\u00e3o em Clusters (ECCP) \u00e9 uma a\u00e7\u00e3o do Programa de Internacionaliza\u00e7\u00e3o do Clusters para PMEs financiado no \u00e2mbito do Programa COSME da DG GROW lan\u00e7ado pela Comiss\u00e3o europeia em 2016. A [&hellip;]<\/p>\n","protected":false},"author":3,"featured_media":428,"comment_status":"closed","ping_status":"closed","sticky":false,"template":"","format":"standard","meta":{"_uag_custom_page_level_css":"","advgb_blocks_editor_width":"","advgb_blocks_columns_visual_guide":"","footnotes":""},"categories":[1],"tags":[],"class_list":["post-426","post","type-post","status-publish","format-standard","has-post-thumbnail","hentry","category-uncategorized"],"translation":{"provider":"WPGlobus","version":"3.0.2","language":"pt","enabled_languages":["en","es","it","pt"],"languages":{"en":{"title":true,"content":true,"excerpt":false},"es":{"title":true,"content":true,"excerpt":false},"it":{"title":true,"content":true,"excerpt":false},"pt":{"title":true,"content":true,"excerpt":false}}},"author_meta":{"display_name":"Chiara","author_link":"https:\/\/www.4zeroplast.eu\/pt\/author\/chiara\/"},"featured_img":"https:\/\/www.4zeroplast.eu\/wp-content\/uploads\/news02-300x200.jpg","uagb_featured_image_src":{"full":["https:\/\/www.4zeroplast.eu\/wp-content\/uploads\/news02.jpg",720,480,false],"thumbnail":["https:\/\/www.4zeroplast.eu\/wp-content\/uploads\/news02-150x150.jpg",150,150,true],"medium":["https:\/\/www.4zeroplast.eu\/wp-content\/uploads\/news02-300x200.jpg",300,200,true],"medium_large":["https:\/\/www.4zeroplast.eu\/wp-content\/uploads\/news02.jpg",720,480,false],"large":["https:\/\/www.4zeroplast.eu\/wp-content\/uploads\/news02.jpg",720,480,false],"1536x1536":["https:\/\/www.4zeroplast.eu\/wp-content\/uploads\/news02.jpg",720,480,false],"2048x2048":["https:\/\/www.4zeroplast.eu\/wp-content\/uploads\/news02.jpg",720,480,false]},"uagb_author_info":{"display_name":"Chiara","author_link":"https:\/\/www.4zeroplast.eu\/pt\/author\/chiara\/"},"uagb_comment_info":0,"uagb_excerpt":"A Plataforma Europeia de Colabora\u00e7\u00e3o em Clusters (ECCP) \u00e9 uma a\u00e7\u00e3o do Programa de Internacionaliza\u00e7\u00e3o do Clusters para PMEs financiado no \u00e2mbito do Programa COSME da DG GROW lan\u00e7ado pela Comiss\u00e3o europeia em 2016. A [&hellip;]","coauthors":[],"tax_additional":{"categories":{"linked":["<a href=\"https:\/\/www.4zeroplast.eu\/pt\/category\/uncategorized\/\" class=\"advgb-post-tax-term\">Uncategorized<\/a>"],"unlinked":["<span class=\"advgb-post-tax-term\">Uncategorized<\/span>"]}},"comment_count":"0","relative_dates":{"created":"Posted 7 years ago","modified":"Updated 7 years ago"},"absolute_dates":{"created":"Posted on 23 September 2019","modified":"Updated on 15 October 2019"},"absolute_dates_time":{"created":"Posted on 23 September 2019 10:59 am","modified":"Updated on 15 October 2019 4:25 pm"},"featured_img_caption":"","series_order":"","_links":{"self":[{"href":"https:\/\/www.4zeroplast.eu\/pt\/wp-json\/wp\/v2\/posts\/426","targetHints":{"allow":["GET"]}}],"collection":[{"href":"https:\/\/www.4zeroplast.eu\/pt\/wp-json\/wp\/v2\/posts"}],"about":[{"href":"https:\/\/www.4zeroplast.eu\/pt\/wp-json\/wp\/v2\/types\/post"}],"author":[{"embeddable":true,"href":"https:\/\/www.4zeroplast.eu\/pt\/wp-json\/wp\/v2\/users\/3"}],"replies":[{"embeddable":true,"href":"https:\/\/www.4zeroplast.eu\/pt\/wp-json\/wp\/v2\/comments?post=426"}],"version-history":[{"count":8,"href":"https:\/\/www.4zeroplast.eu\/pt\/wp-json\/wp\/v2\/posts\/426\/revisions"}],"predecessor-version":[{"id":445,"href":"https:\/\/www.4zeroplast.eu\/pt\/wp-json\/wp\/v2\/posts\/426\/revisions\/445"}],"wp:featuredmedia":[{"embeddable":true,"href":"https:\/\/www.4zeroplast.eu\/pt\/wp-json\/wp\/v2\/media\/428"}],"wp:attachment":[{"href":"https:\/\/www.4zeroplast.eu\/pt\/wp-json\/wp\/v2\/media?parent=426"}],"wp:term":[{"taxonomy":"category","embeddable":true,"href":"https:\/\/www.4zeroplast.eu\/pt\/wp-json\/wp\/v2\/categories?post=426"},{"taxonomy":"post_tag","embeddable":true,"href":"https:\/\/www.4zeroplast.eu\/pt\/wp-json\/wp\/v2\/tags?post=426"}],"curies":[{"name":"wp","href":"https:\/\/api.w.org\/{rel}","templated":true}]}}